{"id":1574,"date":"2025-10-04T20:19:27","date_gmt":"2025-10-04T18:19:27","guid":{"rendered":"https:\/\/lartestunjardin.fr\/lartestunjardin\/?p=1574"},"modified":"2026-01-31T17:54:58","modified_gmt":"2026-01-31T16:54:58","slug":"rapport-annuel-2024","status":"publish","type":"post","link":"https:\/\/lartestunjardin.fr\/lartestunjardin\/rapport-annuel-2024\/","title":{"rendered":"Rapport Annuel 2024"},"content":{"rendered":"<div style=\"text-align:center;\">\n<div style=\"margin:8px 0px 4px;\"><a href=\"https:\/\/www.calameo.com\/books\/0080554712702e0b1693c\" target=\"_blank\">Rapport d&rsquo;activit\u00e9 2024<\/a><\/div>\n<p><iframe loading=\"lazy\" src=\"\/\/v.calameo.com\/?bkcode=0080554712702e0b1693c&#038;mode=mini&#038;showsharemenu=false&#038;clickto=view&#038;clicktarget=_self\" width=\"560\" height=\"350\" frameborder=\"0\" scrolling=\"no\" allowtransparency allowfullscreen style=\"margin:0 auto;\"><\/iframe><\/p>\n<div style=\"margin:4px 0px 8px;\"><a href=\"http:\/\/www.calameo.com\/\" target=\"_blank\">Lire plus de publications sur Calam\u00e9o<\/a><\/div>\n<\/div>\n","protected":false},"excerpt":{"rendered":"<p>Ce n\u2019est pas sans \u00e9motions que nous r\u00e9alisons ce premier Rapport annuel pour l\u2019Art est un jardin.<br \/>\nCr\u00e9\u00e9e le 22 juillet 2024, sur les hauteurs du beaujolais, cette association est le fruit d\u2019un projet collectif.<br \/>\nCe collectif r\u00e9unit :<br \/>\n&#8211; &#8211; des b\u00e9n\u00e9voles ayant une expertise de l\u2019accompagnement de personnes en<br \/>\nsituation de fragilit\u00e9 ;<\/p>\n","protected":false},"author":1,"featured_media":1599,"comment_status":"closed","ping_status":"open","sticky":false,"template":"","format":"standard","meta":{"_uag_custom_page_level_css":"","site-sidebar-layout":"default","site-content-layout":"","ast-site-content-layout":"","site-content-style":"default","site-sidebar-style":"default","ast-global-header-display":"","ast-banner-title-visibility":"","ast-main-header-display":"","ast-hfb-above-header-display":"","ast-hfb-below-header-display":"","ast-hfb-mobile-header-display":"","site-post-title":"","ast-breadcrumbs-content":"","ast-featured-img":"","footer-sml-layout":"","theme-transparent-header-meta":"","adv-header-id-meta":"","stick-header-meta":"","header-above-stick-meta":"","header-main-stick-meta":"","header-below-stick-meta":"","astra-migrate-meta-layouts":"default","ast-page-background-enabled":"default","ast-page-background-meta":{"desktop":{"background-color":"var(--ast-global-color-4)","background-image":"","background-repeat":"repeat","background-position":"center center","background-size":"auto","background-attachment":"scroll","background-type":"","background-media":"","overlay-type":"","overlay-color":"","overlay-opacity":"","overlay-gradient":""},"tablet":{"background-color":"","background-image":"","background-repeat":"repeat","background-position":"center center","background-size":"auto","background-attachment":"scroll","background-type":"","background-media":"","overlay-type":"","overlay-color":"","overlay-opacity":"","overlay-gradient":""},"mobile":{"background-color":"","background-image":"","background-repeat":"repeat","background-position":"center center","background-size":"auto","background-attachment":"scroll","background-type":"","background-media":"","overlay-type":"","overlay-color":"","overlay-opacity":"","overlay-gradient":""}},"ast-content-background-meta":{"desktop":{"background-color":"var(--ast-global-color-5)","background-image":"","background-repeat":"repeat","background-position":"center center","background-size":"auto","background-attachment":"scroll","background-type":"","background-media":"","overlay-type":"","overlay-color":"","overlay-opacity":"","overlay-gradient":""},"tablet":{"background-color":"var(--ast-global-color-5)","background-image":"","background-repeat":"repeat","background-position":"center center","background-size":"auto","background-attachment":"scroll","background-type":"","background-media":"","overlay-type":"","overlay-color":"","overlay-opacity":"","overlay-gradient":""},"mobile":{"background-color":"var(--ast-global-color-5)","background-image":"","background-repeat":"repeat","background-position":"center center","background-size":"auto","background-attachment":"scroll","background-type":"","background-media":"","overlay-type":"","overlay-color":"","overlay-opacity":"","overlay-gradient":""}},"_jetpack_memberships_contains_paid_content":false,"footnotes":""},"categories":[6,20],"tags":[],"class_list":["post-1574","post","type-post","status-publish","format-standard","has-post-thumbnail","hentry","category-nouveaute","category-rapport"],"jetpack_featured_media_url":"https:\/\/lartestunjardin.fr\/lartestunjardin\/wp-content\/uploads\/2025\/10\/rapport2024c.jpg","uagb_featured_image_src":{"full":["https:\/\/lartestunjardin.fr\/lartestunjardin\/wp-content\/uploads\/2025\/10\/rapport2024c.jpg",477,386,false],"thumbnail":["https:\/\/lartestunjardin.fr\/lartestunjardin\/wp-content\/uploads\/2025\/10\/rapport2024c-150x150.jpg",150,150,true],"medium":["https:\/\/lartestunjardin.fr\/lartestunjardin\/wp-content\/uploads\/2025\/10\/rapport2024c-300x243.jpg",300,243,true],"medium_large":["https:\/\/lartestunjardin.fr\/lartestunjardin\/wp-content\/uploads\/2025\/10\/rapport2024c.jpg",477,386,false],"large":["https:\/\/lartestunjardin.fr\/lartestunjardin\/wp-content\/uploads\/2025\/10\/rapport2024c.jpg",477,386,false],"1536x1536":["https:\/\/lartestunjardin.fr\/lartestunjardin\/wp-content\/uploads\/2025\/10\/rapport2024c.jpg",477,386,false],"2048x2048":["https:\/\/lartestunjardin.fr\/lartestunjardin\/wp-content\/uploads\/2025\/10\/rapport2024c.jpg",477,386,false]},"uagb_author_info":{"display_name":"admin4813","author_link":"https:\/\/lartestunjardin.fr\/lartestunjardin\/author\/admin4813\/"},"uagb_comment_info":0,"uagb_excerpt":"Ce n\u2019est pas sans \u00e9motions que nous r\u00e9alisons ce premier Rapport annuel pour l\u2019Art est un jardin. Cr\u00e9\u00e9e le 22 juillet 2024, sur les hauteurs du beaujolais, cette association est le fruit d\u2019un projet collectif. Ce collectif r\u00e9unit : - - des b\u00e9n\u00e9voles ayant une expertise de l\u2019accompagnement de personnes en situation de fragilit\u00e9 ;","jetpack_sharing_enabled":true,"_links":{"self":[{"href":"https:\/\/lartestunjardin.fr\/lartestunjardin\/wp-json\/wp\/v2\/posts\/1574","targetHints":{"allow":["GET"]}}],"collection":[{"href":"https:\/\/lartestunjardin.fr\/lartestunjardin\/wp-json\/wp\/v2\/posts"}],"about":[{"href":"https:\/\/lartestunjardin.fr\/lartestunjardin\/wp-json\/wp\/v2\/types\/post"}],"author":[{"embeddable":true,"href":"https:\/\/lartestunjardin.fr\/lartestunjardin\/wp-json\/wp\/v2\/users\/1"}],"replies":[{"embeddable":true,"href":"https:\/\/lartestunjardin.fr\/lartestunjardin\/wp-json\/wp\/v2\/comments?post=1574"}],"version-history":[{"count":11,"href":"https:\/\/lartestunjardin.fr\/lartestunjardin\/wp-json\/wp\/v2\/posts\/1574\/revisions"}],"predecessor-version":[{"id":1601,"href":"https:\/\/lartestunjardin.fr\/lartestunjardin\/wp-json\/wp\/v2\/posts\/1574\/revisions\/1601"}],"wp:featuredmedia":[{"embeddable":true,"href":"https:\/\/lartestunjardin.fr\/lartestunjardin\/wp-json\/wp\/v2\/media\/1599"}],"wp:attachment":[{"href":"https:\/\/lartestunjardin.fr\/lartestunjardin\/wp-json\/wp\/v2\/media?parent=1574"}],"wp:term":[{"taxonomy":"category","embeddable":true,"href":"https:\/\/lartestunjardin.fr\/lartestunjardin\/wp-json\/wp\/v2\/categories?post=1574"},{"taxonomy":"post_tag","embeddable":true,"href":"https:\/\/lartestunjardin.fr\/lartestunjardin\/wp-json\/wp\/v2\/tags?post=1574"}],"curies":[{"name":"wp","href":"https:\/\/api.w.org\/{rel}","templated":true}]}}