{"id":1476,"date":"2025-06-21T15:43:08","date_gmt":"2025-06-21T13:43:08","guid":{"rendered":"https:\/\/lartestunjardin.fr\/lartestunjardin\/?p=1476"},"modified":"2026-01-31T17:50:23","modified_gmt":"2026-01-31T16:50:23","slug":"le-pouvoir-des-fables","status":"publish","type":"post","link":"https:\/\/lartestunjardin.fr\/lartestunjardin\/le-pouvoir-des-fables\/","title":{"rendered":"LE POUVOIR DES FABLES"},"content":{"rendered":"\n<div class=\"wp-block-uagb-container uagb-block-5137f885 alignfull uagb-is-root-container\"><div class=\"uagb-container-inner-blocks-wrap\">\n<div data-wp-interactive=\"core\/file\" class=\"wp-block-file\"><object data-wp-bind--hidden=\"!state.hasPdfPreview\" hidden class=\"wp-block-file__embed\" data=\"https:\/\/lartestunjardin.fr\/lartestunjardin\/wp-content\/uploads\/2025\/06\/FP-POUVOIR-DES-FABLES-.pdf\" type=\"application\/pdf\" style=\"width:100%;height:600px\" aria-label=\"Contenu embarqu\u00e9 FP POUVOIR DES FABLES.\"><\/object><a id=\"wp-block-file--media-f31fff9b-9183-4458-83c6-b609a5ad5304\" href=\"https:\/\/lartestunjardin.fr\/lartestunjardin\/wp-content\/uploads\/2025\/06\/FP-POUVOIR-DES-FABLES-.pdf\">FP POUVOIR DES FABLES<\/a><a href=\"https:\/\/lartestunjardin.fr\/lartestunjardin\/wp-content\/uploads\/2025\/06\/FP-POUVOIR-DES-FABLES-.pdf\" class=\"wp-block-file__button wp-element-button\" download aria-describedby=\"wp-block-file--media-f31fff9b-9183-4458-83c6-b609a5ad5304\">T\u00e9l\u00e9charger<\/a><\/div>\n<\/div><\/div>\n","protected":false},"excerpt":{"rendered":"<p>Faire revivre et d\u00e9couvrir les Fables, notamment celles de Jean de la Fontaine, en r\u00e9veillant la m\u00e9moire des personnes \u00e2g\u00e9es et en leur proposant de participer \u00e0 des<br \/>\nateliers de pratiques artistiques pour exprimer leur cr\u00e9ativit\u00e9, leurs envies, leurs<br \/>\nsouvenirs, leurs id\u00e9es, afin de cr\u00e9er une \u0153uvre collective : un recueil de Fables \u00ab \u00e0 la mani\u00e8re de \u00bb. <\/p>\n","protected":false},"author":1,"featured_media":1495,"comment_status":"closed","ping_status":"open","sticky":false,"template":"","format":"standard","meta":{"_uag_custom_page_level_css":"","site-sidebar-layout":"default","site-content-layout":"","ast-site-content-layout":"","site-content-style":"default","site-sidebar-style":"default","ast-global-header-display":"","ast-banner-title-visibility":"","ast-main-header-display":"","ast-hfb-above-header-display":"","ast-hfb-below-header-display":"","ast-hfb-mobile-header-display":"","site-post-title":"","ast-breadcrumbs-content":"","ast-featured-img":"disabled","footer-sml-layout":"","theme-transparent-header-meta":"","adv-header-id-meta":"","stick-header-meta":"","header-above-stick-meta":"","header-main-stick-meta":"","header-below-stick-meta":"","astra-migrate-meta-layouts":"default","ast-page-background-enabled":"default","ast-page-background-meta":{"desktop":{"background-color":"var(--ast-global-color-4)","background-image":"","background-repeat":"repeat","background-position":"center center","background-size":"auto","background-attachment":"scroll","background-type":"","background-media":"","overlay-type":"","overlay-color":"","overlay-opacity":"","overlay-gradient":""},"tablet":{"background-color":"","background-image":"","background-repeat":"repeat","background-position":"center center","background-size":"auto","background-attachment":"scroll","background-type":"","background-media":"","overlay-type":"","overlay-color":"","overlay-opacity":"","overlay-gradient":""},"mobile":{"background-color":"","background-image":"","background-repeat":"repeat","background-position":"center center","background-size":"auto","background-attachment":"scroll","background-type":"","background-media":"","overlay-type":"","overlay-color":"","overlay-opacity":"","overlay-gradient":""}},"ast-content-background-meta":{"desktop":{"background-color":"var(--ast-global-color-5)","background-image":"","background-repeat":"repeat","background-position":"center center","background-size":"auto","background-attachment":"scroll","background-type":"","background-media":"","overlay-type":"","overlay-color":"","overlay-opacity":"","overlay-gradient":""},"tablet":{"background-color":"var(--ast-global-color-5)","background-image":"","background-repeat":"repeat","background-position":"center center","background-size":"auto","background-attachment":"scroll","background-type":"","background-media":"","overlay-type":"","overlay-color":"","overlay-opacity":"","overlay-gradient":""},"mobile":{"background-color":"var(--ast-global-color-5)","background-image":"","background-repeat":"repeat","background-position":"center center","background-size":"auto","background-attachment":"scroll","background-type":"","background-media":"","overlay-type":"","overlay-color":"","overlay-opacity":"","overlay-gradient":""}},"_jetpack_memberships_contains_paid_content":false,"footnotes":""},"categories":[5,17],"tags":[],"class_list":["post-1476","post","type-post","status-publish","format-standard","has-post-thumbnail","hentry","category-evenements","category-projet"],"jetpack_featured_media_url":"https:\/\/lartestunjardin.fr\/lartestunjardin\/wp-content\/uploads\/2025\/06\/Fables-1.jpg","uagb_featured_image_src":{"full":["https:\/\/lartestunjardin.fr\/lartestunjardin\/wp-content\/uploads\/2025\/06\/Fables-1.jpg",105,96,false],"thumbnail":["https:\/\/lartestunjardin.fr\/lartestunjardin\/wp-content\/uploads\/2025\/06\/Fables-1.jpg",105,96,false],"medium":["https:\/\/lartestunjardin.fr\/lartestunjardin\/wp-content\/uploads\/2025\/06\/Fables-1.jpg",105,96,false],"medium_large":["https:\/\/lartestunjardin.fr\/lartestunjardin\/wp-content\/uploads\/2025\/06\/Fables-1.jpg",105,96,false],"large":["https:\/\/lartestunjardin.fr\/lartestunjardin\/wp-content\/uploads\/2025\/06\/Fables-1.jpg",105,96,false],"1536x1536":["https:\/\/lartestunjardin.fr\/lartestunjardin\/wp-content\/uploads\/2025\/06\/Fables-1.jpg",105,96,false],"2048x2048":["https:\/\/lartestunjardin.fr\/lartestunjardin\/wp-content\/uploads\/2025\/06\/Fables-1.jpg",105,96,false]},"uagb_author_info":{"display_name":"admin4813","author_link":"https:\/\/lartestunjardin.fr\/lartestunjardin\/author\/admin4813\/"},"uagb_comment_info":0,"uagb_excerpt":"Faire revivre et d\u00e9couvrir les Fables, notamment celles de Jean de la Fontaine, en r\u00e9veillant la m\u00e9moire des personnes \u00e2g\u00e9es et en leur proposant de participer \u00e0 des ateliers de pratiques artistiques pour exprimer leur cr\u00e9ativit\u00e9, leurs envies, leurs souvenirs, leurs id\u00e9es, afin de cr\u00e9er une \u0153uvre collective : un recueil de Fables \u00ab \u00e0\u2026","jetpack_sharing_enabled":true,"_links":{"self":[{"href":"https:\/\/lartestunjardin.fr\/lartestunjardin\/wp-json\/wp\/v2\/posts\/1476","targetHints":{"allow":["GET"]}}],"collection":[{"href":"https:\/\/lartestunjardin.fr\/lartestunjardin\/wp-json\/wp\/v2\/posts"}],"about":[{"href":"https:\/\/lartestunjardin.fr\/lartestunjardin\/wp-json\/wp\/v2\/types\/post"}],"author":[{"embeddable":true,"href":"https:\/\/lartestunjardin.fr\/lartestunjardin\/wp-json\/wp\/v2\/users\/1"}],"replies":[{"embeddable":true,"href":"https:\/\/lartestunjardin.fr\/lartestunjardin\/wp-json\/wp\/v2\/comments?post=1476"}],"version-history":[{"count":2,"href":"https:\/\/lartestunjardin.fr\/lartestunjardin\/wp-json\/wp\/v2\/posts\/1476\/revisions"}],"predecessor-version":[{"id":1482,"href":"https:\/\/lartestunjardin.fr\/lartestunjardin\/wp-json\/wp\/v2\/posts\/1476\/revisions\/1482"}],"wp:featuredmedia":[{"embeddable":true,"href":"https:\/\/lartestunjardin.fr\/lartestunjardin\/wp-json\/wp\/v2\/media\/1495"}],"wp:attachment":[{"href":"https:\/\/lartestunjardin.fr\/lartestunjardin\/wp-json\/wp\/v2\/media?parent=1476"}],"wp:term":[{"taxonomy":"category","embeddable":true,"href":"https:\/\/lartestunjardin.fr\/lartestunjardin\/wp-json\/wp\/v2\/categories?post=1476"},{"taxonomy":"post_tag","embeddable":true,"href":"https:\/\/lartestunjardin.fr\/lartestunjardin\/wp-json\/wp\/v2\/tags?post=1476"}],"curies":[{"name":"wp","href":"https:\/\/api.w.org\/{rel}","templated":true}]}}