{"id":1297,"date":"2025-03-24T22:56:41","date_gmt":"2025-03-24T21:56:41","guid":{"rendered":"https:\/\/lartestunjardin.fr\/lartestunjardin\/?p=1297"},"modified":"2026-01-31T17:48:19","modified_gmt":"2026-01-31T16:48:19","slug":"projets-au-niveau-local","status":"publish","type":"post","link":"https:\/\/lartestunjardin.fr\/lartestunjardin\/projets-au-niveau-local\/","title":{"rendered":"Projets au niveau local"},"content":{"rendered":"\n<p><strong>PARIS<\/strong><\/p>\n\n\n\n<ul class=\"wp-block-list\">\n<li>\u00ab Raconte-moi ton 11\u00e8me \u00bb : Il s\u2019agit de faire revivre et d\u00e9couvrir le patrimoine du 11\u00e8me, en r\u00e9veillant la m\u00e9moire des habitants \u00e2g\u00e9s et en leur proposant de participer \u00e0 des ateliers de pratiques artistiques. A partir de leur cr\u00e9ativit\u00e9, leurs envies, leurs souvenirs, leurs id\u00e9es, le projet consiste \u00e0 r\u00e9aliser une oeuvre collective.<br>Partenariat : Association Histoire et Patrimoine du 11\u00e8me et Mairie du 11\u00e8me. Mars \u00e0 Octobre 2025.<\/li>\n\n\n\n<li>Cr\u00e9ation visite guid\u00e9e \u00e0 distance : Tour Eiffel<\/li>\n<\/ul>\n\n\n\n<p><strong>LYON<\/strong><\/p>\n\n\n\n<ul class=\"wp-block-list\">\n<li>Ateliers de modelage (argile) ouverts \u00e0 tout public, se d\u00e9roulant au sein d\u2019un EHPAD<\/li>\n\n\n\n<li>Cr\u00e9ation visites guid\u00e9es \u00e0 distance : Basilique Fourvi\u00e8re et Cath\u00e9drale St Jean<\/li>\n\n\n\n<li>Le Pouvoir des Fables (cf. Jean de la Fontaine)<\/li>\n<\/ul>\n\n\n\n<p><strong>VANNES<\/strong><\/p>\n\n\n\n<ul class=\"wp-block-list\">\n<li>Projet \u00e0 confirmer avec le site de Carnac (ateliers d\u2019\u00e9criture et pratique artistique)<\/li>\n\n\n\n<li>Intervention d\u2019une conteuse accompagn\u00e9e d\u2019une harpiste<\/li>\n<\/ul>\n\n\n\n<p><strong>BERGERAC<\/strong><\/p>\n\n\n\n<ul class=\"wp-block-list\">\n<li>Projet \u00e0 confirmer Public EHPAD et Lyc\u00e9ens, travail chor\u00e9graphique autour de l\u2019image du corps.<\/li>\n<\/ul>\n\n\n\n<p><\/p>\n","protected":false},"excerpt":{"rendered":"<p>=>Ateliers de modelage (argile) ouverts \u00e0 tout public, se d\u00e9roulant au sein d\u2019un EHPAD<br \/>\n=>Cr\u00e9ation visites guid\u00e9es \u00e0 distance : Basilique Fourvi\u00e8re et Cath\u00e9drale St Jean<br \/>\n=>Le Pouvoir des Fables (cf. Jean de la Fontaine)<br \/>\n=> &#8230;.<\/p>\n","protected":false},"author":1,"featured_media":1467,"comment_status":"closed","ping_status":"open","sticky":false,"template":"","format":"standard","meta":{"_uag_custom_page_level_css":"","site-sidebar-layout":"default","site-content-layout":"","ast-site-content-layout":"","site-content-style":"default","site-sidebar-style":"default","ast-global-header-display":"","ast-banner-title-visibility":"","ast-main-header-display":"","ast-hfb-above-header-display":"","ast-hfb-below-header-display":"","ast-hfb-mobile-header-display":"","site-post-title":"","ast-breadcrumbs-content":"","ast-featured-img":"disabled","footer-sml-layout":"","theme-transparent-header-meta":"","adv-header-id-meta":"","stick-header-meta":"","header-above-stick-meta":"","header-main-stick-meta":"","header-below-stick-meta":"","astra-migrate-meta-layouts":"default","ast-page-background-enabled":"default","ast-page-background-meta":{"desktop":{"background-color":"var(--ast-global-color-4)","background-image":"","background-repeat":"repeat","background-position":"center center","background-size":"auto","background-attachment":"scroll","background-type":"","background-media":"","overlay-type":"","overlay-color":"","overlay-opacity":"","overlay-gradient":""},"tablet":{"background-color":"","background-image":"","background-repeat":"repeat","background-position":"center center","background-size":"auto","background-attachment":"scroll","background-type":"","background-media":"","overlay-type":"","overlay-color":"","overlay-opacity":"","overlay-gradient":""},"mobile":{"background-color":"","background-image":"","background-repeat":"repeat","background-position":"center center","background-size":"auto","background-attachment":"scroll","background-type":"","background-media":"","overlay-type":"","overlay-color":"","overlay-opacity":"","overlay-gradient":""}},"ast-content-background-meta":{"desktop":{"background-color":"var(--ast-global-color-5)","background-image":"","background-repeat":"repeat","background-position":"center center","background-size":"auto","background-attachment":"scroll","background-type":"","background-media":"","overlay-type":"","overlay-color":"","overlay-opacity":"","overlay-gradient":""},"tablet":{"background-color":"var(--ast-global-color-5)","background-image":"","background-repeat":"repeat","background-position":"center center","background-size":"auto","background-attachment":"scroll","background-type":"","background-media":"","overlay-type":"","overlay-color":"","overlay-opacity":"","overlay-gradient":""},"mobile":{"background-color":"var(--ast-global-color-5)","background-image":"","background-repeat":"repeat","background-position":"center center","background-size":"auto","background-attachment":"scroll","background-type":"","background-media":"","overlay-type":"","overlay-color":"","overlay-opacity":"","overlay-gradient":""}},"_jetpack_memberships_contains_paid_content":false,"footnotes":""},"categories":[17],"tags":[],"class_list":["post-1297","post","type-post","status-publish","format-standard","has-post-thumbnail","hentry","category-projet"],"jetpack_featured_media_url":"https:\/\/lartestunjardin.fr\/lartestunjardin\/wp-content\/uploads\/2025\/03\/Local.jpg","uagb_featured_image_src":{"full":["https:\/\/lartestunjardin.fr\/lartestunjardin\/wp-content\/uploads\/2025\/03\/Local.jpg",129,141,false],"thumbnail":["https:\/\/lartestunjardin.fr\/lartestunjardin\/wp-content\/uploads\/2025\/03\/Local.jpg",129,141,false],"medium":["https:\/\/lartestunjardin.fr\/lartestunjardin\/wp-content\/uploads\/2025\/03\/Local.jpg",129,141,false],"medium_large":["https:\/\/lartestunjardin.fr\/lartestunjardin\/wp-content\/uploads\/2025\/03\/Local.jpg",129,141,false],"large":["https:\/\/lartestunjardin.fr\/lartestunjardin\/wp-content\/uploads\/2025\/03\/Local.jpg",129,141,false],"1536x1536":["https:\/\/lartestunjardin.fr\/lartestunjardin\/wp-content\/uploads\/2025\/03\/Local.jpg",129,141,false],"2048x2048":["https:\/\/lartestunjardin.fr\/lartestunjardin\/wp-content\/uploads\/2025\/03\/Local.jpg",129,141,false]},"uagb_author_info":{"display_name":"admin4813","author_link":"https:\/\/lartestunjardin.fr\/lartestunjardin\/author\/admin4813\/"},"uagb_comment_info":0,"uagb_excerpt":"=>Ateliers de modelage (argile) ouverts \u00e0 tout public, se d\u00e9roulant au sein d\u2019un EHPAD =>Cr\u00e9ation visites guid\u00e9es \u00e0 distance : Basilique Fourvi\u00e8re et Cath\u00e9drale St Jean =>Le Pouvoir des Fables (cf. Jean de la Fontaine) => ....","jetpack_sharing_enabled":true,"_links":{"self":[{"href":"https:\/\/lartestunjardin.fr\/lartestunjardin\/wp-json\/wp\/v2\/posts\/1297","targetHints":{"allow":["GET"]}}],"collection":[{"href":"https:\/\/lartestunjardin.fr\/lartestunjardin\/wp-json\/wp\/v2\/posts"}],"about":[{"href":"https:\/\/lartestunjardin.fr\/lartestunjardin\/wp-json\/wp\/v2\/types\/post"}],"author":[{"embeddable":true,"href":"https:\/\/lartestunjardin.fr\/lartestunjardin\/wp-json\/wp\/v2\/users\/1"}],"replies":[{"embeddable":true,"href":"https:\/\/lartestunjardin.fr\/lartestunjardin\/wp-json\/wp\/v2\/comments?post=1297"}],"version-history":[{"count":7,"href":"https:\/\/lartestunjardin.fr\/lartestunjardin\/wp-json\/wp\/v2\/posts\/1297\/revisions"}],"predecessor-version":[{"id":1471,"href":"https:\/\/lartestunjardin.fr\/lartestunjardin\/wp-json\/wp\/v2\/posts\/1297\/revisions\/1471"}],"wp:featuredmedia":[{"embeddable":true,"href":"https:\/\/lartestunjardin.fr\/lartestunjardin\/wp-json\/wp\/v2\/media\/1467"}],"wp:attachment":[{"href":"https:\/\/lartestunjardin.fr\/lartestunjardin\/wp-json\/wp\/v2\/media?parent=1297"}],"wp:term":[{"taxonomy":"category","embeddable":true,"href":"https:\/\/lartestunjardin.fr\/lartestunjardin\/wp-json\/wp\/v2\/categories?post=1297"},{"taxonomy":"post_tag","embeddable":true,"href":"https:\/\/lartestunjardin.fr\/lartestunjardin\/wp-json\/wp\/v2\/tags?post=1297"}],"curies":[{"name":"wp","href":"https:\/\/api.w.org\/{rel}","templated":true}]}}