{"id":1295,"date":"2025-03-24T22:51:59","date_gmt":"2025-03-24T21:51:59","guid":{"rendered":"https:\/\/lartestunjardin.fr\/lartestunjardin\/?p=1295"},"modified":"2026-01-31T17:49:37","modified_gmt":"2026-01-31T16:49:37","slug":"projets-diffusion-nationale","status":"publish","type":"post","link":"https:\/\/lartestunjardin.fr\/lartestunjardin\/projets-diffusion-nationale\/","title":{"rendered":"Projets diffusion nationale"},"content":{"rendered":"\n<ul class=\"wp-block-list\">\n<li>Nous poursuivrons la programmation des visites guid\u00e9es \u00e0 distance, 1 \u00e0 2 rendez-vous seront ainsi propos\u00e9s tous les mois. Nous aurons le plaisir de poursuivre les visites des monuments nationaux (CMN), mais interrogerons \u00e9galement les participants sur les lieux, monuments, mus\u00e9es qu\u2019ils souhaiteraient visiter \u00e0 distance. Nous avons conscience que cela n\u00e9cessitera une recherche et une organisation plus difficile. Mais nous ferons notre maximum pour y r\u00e9pondre et souhaitons nous perfectionner en prises de vue \u00e0 360 \u00b0 pour avoir des conditions de visites optimales.<br>Chaque visite b\u00e9n\u00e9ficie \u00e0 un minimum de 100 personnes.<\/li>\n\n\n\n<li>Nous souhaitons continuer le projet autour de Monsieur de La Fontaine. Il s\u2019intitulera \u00ab le Pouvoir des Fables \u00bb et sera s\u00e9quenc\u00e9 en 3 interventions distinctes au sein des \u00e9tablissements. La derni\u00e8re s\u00e9quence sera consacr\u00e9e \u00e0 un atelier d\u2019\u00e9criture, o\u00f9 les participants seront invit\u00e9s \u00e0 imaginer une fable \u00ab \u00e0 la mani\u00e8re de \u00bb. Un recueil de ces diff\u00e9rentes fables sera illustr\u00e9, \u00e9dit\u00e9 et offert aux participants. Le projet Pouvoir des Fables sera d\u00e9velopp\u00e9 dans un premier temps en R\u00e9gion Auvergne-Rh\u00f4ne-Alpes et en Touraine. &#8211; Nous proposerons \u00e0 diff\u00e9rents \u00e9tablissements de diff\u00e9rents coins de France d\u2019accueillir une exposition itin\u00e9rante, sous forme de kak\u00e9monos repr\u00e9sentant des reproductions d\u2019oeuvres. Un support pour la m\u00e9diation sera propos\u00e9 \u00e0 chaque \u00e9tablissement.<\/li>\n\n\n\n<li>Nous souhaitons r\u00e9pondre pr\u00e9sents dans nos diff\u00e9rentes antennes \u00e0 l\u2019occasion de la semaine bleue du 6 au 12 octobre 2025 (semaine nationale consacr\u00e9e aux ain\u00e9s).<\/li>\n<\/ul>\n","protected":false},"excerpt":{"rendered":"<p>Nous poursuivrons la programmation des visites guid\u00e9es \u00e0 distance, 1 \u00e0 2 rendez-vous seront ainsi propos\u00e9s tous les mois. Nous aurons le plaisir de poursuivre les visites des monuments nationaux (CMN), mais interrogerons \u00e9galement les participants sur les lieux, monuments, mus\u00e9es qu\u2019ils <\/p>\n","protected":false},"author":1,"featured_media":1466,"comment_status":"closed","ping_status":"open","sticky":false,"template":"","format":"standard","meta":{"_uag_custom_page_level_css":"","site-sidebar-layout":"default","site-content-layout":"","ast-site-content-layout":"","site-content-style":"default","site-sidebar-style":"default","ast-global-header-display":"","ast-banner-title-visibility":"","ast-main-header-display":"","ast-hfb-above-header-display":"","ast-hfb-below-header-display":"","ast-hfb-mobile-header-display":"","site-post-title":"","ast-breadcrumbs-content":"","ast-featured-img":"disabled","footer-sml-layout":"","theme-transparent-header-meta":"","adv-header-id-meta":"","stick-header-meta":"","header-above-stick-meta":"","header-main-stick-meta":"","header-below-stick-meta":"","astra-migrate-meta-layouts":"default","ast-page-background-enabled":"default","ast-page-background-meta":{"desktop":{"background-color":"var(--ast-global-color-4)","background-image":"","background-repeat":"repeat","background-position":"center center","background-size":"auto","background-attachment":"scroll","background-type":"","background-media":"","overlay-type":"","overlay-color":"","overlay-opacity":"","overlay-gradient":""},"tablet":{"background-color":"","background-image":"","background-repeat":"repeat","background-position":"center center","background-size":"auto","background-attachment":"scroll","background-type":"","background-media":"","overlay-type":"","overlay-color":"","overlay-opacity":"","overlay-gradient":""},"mobile":{"background-color":"","background-image":"","background-repeat":"repeat","background-position":"center center","background-size":"auto","background-attachment":"scroll","background-type":"","background-media":"","overlay-type":"","overlay-color":"","overlay-opacity":"","overlay-gradient":""}},"ast-content-background-meta":{"desktop":{"background-color":"var(--ast-global-color-5)","background-image":"","background-repeat":"repeat","background-position":"center center","background-size":"auto","background-attachment":"scroll","background-type":"","background-media":"","overlay-type":"","overlay-color":"","overlay-opacity":"","overlay-gradient":""},"tablet":{"background-color":"var(--ast-global-color-5)","background-image":"","background-repeat":"repeat","background-position":"center center","background-size":"auto","background-attachment":"scroll","background-type":"","background-media":"","overlay-type":"","overlay-color":"","overlay-opacity":"","overlay-gradient":""},"mobile":{"background-color":"var(--ast-global-color-5)","background-image":"","background-repeat":"repeat","background-position":"center center","background-size":"auto","background-attachment":"scroll","background-type":"","background-media":"","overlay-type":"","overlay-color":"","overlay-opacity":"","overlay-gradient":""}},"_jetpack_memberships_contains_paid_content":false,"footnotes":""},"categories":[5,17,15],"tags":[],"class_list":["post-1295","post","type-post","status-publish","format-standard","has-post-thumbnail","hentry","category-evenements","category-projet","category-visite"],"jetpack_featured_media_url":"https:\/\/lartestunjardin.fr\/lartestunjardin\/wp-content\/uploads\/2025\/03\/National.jpg","uagb_featured_image_src":{"full":["https:\/\/lartestunjardin.fr\/lartestunjardin\/wp-content\/uploads\/2025\/03\/National.jpg",420,273,false],"thumbnail":["https:\/\/lartestunjardin.fr\/lartestunjardin\/wp-content\/uploads\/2025\/03\/National-150x150.jpg",150,150,true],"medium":["https:\/\/lartestunjardin.fr\/lartestunjardin\/wp-content\/uploads\/2025\/03\/National-300x195.jpg",300,195,true],"medium_large":["https:\/\/lartestunjardin.fr\/lartestunjardin\/wp-content\/uploads\/2025\/03\/National.jpg",420,273,false],"large":["https:\/\/lartestunjardin.fr\/lartestunjardin\/wp-content\/uploads\/2025\/03\/National.jpg",420,273,false],"1536x1536":["https:\/\/lartestunjardin.fr\/lartestunjardin\/wp-content\/uploads\/2025\/03\/National.jpg",420,273,false],"2048x2048":["https:\/\/lartestunjardin.fr\/lartestunjardin\/wp-content\/uploads\/2025\/03\/National.jpg",420,273,false]},"uagb_author_info":{"display_name":"admin4813","author_link":"https:\/\/lartestunjardin.fr\/lartestunjardin\/author\/admin4813\/"},"uagb_comment_info":0,"uagb_excerpt":"Nous poursuivrons la programmation des visites guid\u00e9es \u00e0 distance, 1 \u00e0 2 rendez-vous seront ainsi propos\u00e9s tous les mois. Nous aurons le plaisir de poursuivre les visites des monuments nationaux (CMN), mais interrogerons \u00e9galement les participants sur les lieux, monuments, mus\u00e9es qu\u2019ils","jetpack_sharing_enabled":true,"_links":{"self":[{"href":"https:\/\/lartestunjardin.fr\/lartestunjardin\/wp-json\/wp\/v2\/posts\/1295","targetHints":{"allow":["GET"]}}],"collection":[{"href":"https:\/\/lartestunjardin.fr\/lartestunjardin\/wp-json\/wp\/v2\/posts"}],"about":[{"href":"https:\/\/lartestunjardin.fr\/lartestunjardin\/wp-json\/wp\/v2\/types\/post"}],"author":[{"embeddable":true,"href":"https:\/\/lartestunjardin.fr\/lartestunjardin\/wp-json\/wp\/v2\/users\/1"}],"replies":[{"embeddable":true,"href":"https:\/\/lartestunjardin.fr\/lartestunjardin\/wp-json\/wp\/v2\/comments?post=1295"}],"version-history":[{"count":3,"href":"https:\/\/lartestunjardin.fr\/lartestunjardin\/wp-json\/wp\/v2\/posts\/1295\/revisions"}],"predecessor-version":[{"id":1470,"href":"https:\/\/lartestunjardin.fr\/lartestunjardin\/wp-json\/wp\/v2\/posts\/1295\/revisions\/1470"}],"wp:featuredmedia":[{"embeddable":true,"href":"https:\/\/lartestunjardin.fr\/lartestunjardin\/wp-json\/wp\/v2\/media\/1466"}],"wp:attachment":[{"href":"https:\/\/lartestunjardin.fr\/lartestunjardin\/wp-json\/wp\/v2\/media?parent=1295"}],"wp:term":[{"taxonomy":"category","embeddable":true,"href":"https:\/\/lartestunjardin.fr\/lartestunjardin\/wp-json\/wp\/v2\/categories?post=1295"},{"taxonomy":"post_tag","embeddable":true,"href":"https:\/\/lartestunjardin.fr\/lartestunjardin\/wp-json\/wp\/v2\/tags?post=1295"}],"curies":[{"name":"wp","href":"https:\/\/api.w.org\/{rel}","templated":true}]}}